{"id":20431,"date":"2016-03-10T13:35:43","date_gmt":"2016-03-10T13:35:43","guid":{"rendered":"http:\/\/www.senderosdelapalma.es\/fr\/a\/"},"modified":"2016-03-11T09:25:22","modified_gmt":"2016-03-11T09:25:22","slug":"aviso-9marzo2016","status":"publish","type":"post","link":"https:\/\/www.senderosdelapalma.es\/fr\/aviso-9marzo2016\/","title":{"rendered":"Aviso de estado de la Red Insular de Senderos a 9 de marzo de 2016"},"content":{"rendered":"<p>Actualizaci\u00f3n de la informaci\u00f3n sobre el estado de la Red Insular de Senderos a <strong><u>9 de marzo de 2016<\/u><\/strong>.<\/p>\n<ul>\n<li>Se recuerda que el sendero <strong><b>PR LP 5.1<\/b><\/strong>: Cubo de la Galga \u2013 La Galga (GR130) est\u00e1 cerrado a causa de un gran derrumbe.\u00a0El Consejo Insular de Aguas ha empezado a ejecutar unas obras de consolidaci\u00f3n de la ladera, por lo que est\u00e1n cayendo piedras de la ladera al fondo del barranco.<\/li>\n<\/ul>\n<p>Por tanto, se avisa que es <strong><u>muy peligroso<\/u><\/strong> el paso por este sendero.<\/p>\n<p><strong>OTROS AVISOS:<\/strong><\/p>\n<ul>\n<li>Obras en el sendero<strong><b> PR LP 13<\/b><\/strong>: Los Llanos de Aridane \u2013 Zona de acampada de Taburiente \u2013 Los Llanos de Aridane, en el tramo: Brecitos \u2013 Zona de Acampada, en la Fuente de la Mula o de la Faya. Abierto, pero se recomienda precauci\u00f3n.<\/li>\n<\/ul>\n<p>Adem\u00e1s, permanecen cerrados:<\/p>\n<ul>\n<li><strong><b>PR LP 2.3<\/b><\/strong>: Barrando de La Madera<\/li>\n<li><strong><b>PR LP 13.1<\/b><\/strong>: Mirador de La Cumbrecita \u2013 Zona de Acampada de Taburiente<\/li>\n<li><strong><b>PR LP 2<\/b><\/strong>, Camino del Lomo del Lance<\/li>\n<li><strong><b>PR LP 2.1<\/b><\/strong>, Camino del Corchete<\/li>\n<\/ul>\n<p>Para m\u00e1s informaci\u00f3n\u00a0<span class=\"fa fa-phone\"><strong>CECOPIN<\/strong>: 0034 922 43 76 50<\/span><\/p>\n<p>&nbsp;<\/p>\n<p>&nbsp;<\/p>\n","protected":false},"excerpt":{"rendered":"<p>Actualizaci\u00f3n de la informaci\u00f3n sobre el estado de la Red Insular de Senderos a 9 de marzo de 2016. Se recuerda que el sendero PR LP 5.1: Cubo de la Galga \u2013 La Galga (GR130) est\u00e1 cerrado a causa de un gran derrumbe.\u00a0El Consejo Insular&#8230;<\/p>\n","protected":false},"author":1,"featured_media":20438,"comment_status":"open","ping_status":"open","sticky":false,"template":"","format":"standard","meta":[],"categories":[111],"tags":[],"yoast_head":"<!-- This site is optimized with the Yoast SEO plugin v21.0 - https:\/\/yoast.com\/wordpress\/plugins\/seo\/ -->\n<title>Aviso de estado de la Red Insular de Senderos a 9 de marzo de 2016 - Red de Senderos de La Palma<\/title>\n<meta name=\"robots\" content=\"index, follow, max-snippet:-1, max-image-preview:large, max-video-preview:-1\" \/>\n<link rel=\"canonical\" href=\"https:\/\/www.senderosdelapalma.es\/fr\/aviso-9marzo2016\/\" \/>\n<meta property=\"og:locale\" content=\"fr_FR\" \/>\n<meta property=\"og:type\" content=\"article\" \/>\n<meta property=\"og:title\" content=\"Aviso de estado de la Red Insular de Senderos a 9 de marzo de 2016 - Red de Senderos de La Palma\" \/>\n<meta property=\"og:description\" content=\"Actualizaci\u00f3n de la informaci\u00f3n sobre el estado de la Red Insular de Senderos a 9 de marzo de 2016. Se recuerda que el sendero PR LP 5.1: Cubo de la Galga \u2013 La Galga (GR130) est\u00e1 cerrado a causa de un gran derrumbe.\u00a0El Consejo Insular...\" \/>\n<meta property=\"og:url\" content=\"https:\/\/www.senderosdelapalma.es\/fr\/aviso-9marzo2016\/\" \/>\n<meta property=\"og:site_name\" content=\"Red de Senderos de La Palma\" \/>\n<meta property=\"article:publisher\" content=\"https:\/\/www.facebook.com\/senderoslapalma\" \/>\n<meta property=\"article:published_time\" content=\"2016-03-10T13:35:43+00:00\" \/>\n<meta property=\"article:modified_time\" content=\"2016-03-11T09:25:22+00:00\" \/>\n<meta property=\"og:image\" content=\"https:\/\/www.senderosdelapalma.es\/wp-content\/uploads\/2016\/03\/estadosenderos-lapalma.jpg\" \/>\n\t<meta property=\"og:image:width\" content=\"496\" \/>\n\t<meta property=\"og:image:height\" content=\"331\" \/>\n\t<meta property=\"og:image:type\" content=\"image\/jpeg\" \/>\n<meta name=\"author\" content=\"Senderos\" \/>\n<meta name=\"twitter:card\" content=\"summary_large_image\" \/>\n<meta name=\"twitter:creator\" content=\"@SenderosdeLaPal\" \/>\n<meta name=\"twitter:site\" content=\"@SenderosdeLaPal\" \/>\n<meta name=\"twitter:label1\" content=\"\u00c9crit par\" \/>\n\t<meta name=\"twitter:data1\" content=\"Senderos\" \/>\n\t<meta name=\"twitter:label2\" content=\"Dur\u00e9e de lecture estim\u00e9e\" \/>\n\t<meta name=\"twitter:data2\" content=\"1 minute\" \/>\n<script type=\"application\/ld+json\" class=\"yoast-schema-graph\">{\"@context\":\"https:\/\/schema.org\",\"@graph\":[{\"@type\":\"Article\",\"@id\":\"https:\/\/www.senderosdelapalma.es\/fr\/aviso-9marzo2016\/#article\",\"isPartOf\":{\"@id\":\"https:\/\/www.senderosdelapalma.es\/fr\/aviso-9marzo2016\/\"},\"author\":{\"name\":\"Senderos\",\"@id\":\"https:\/\/www.senderosdelapalma.es\/#\/schema\/person\/a1e922c41fabbab0013c21915e6c4486\"},\"headline\":\"Aviso de estado de la Red Insular de Senderos a 9 de marzo de 2016\",\"datePublished\":\"2016-03-10T13:35:43+00:00\",\"dateModified\":\"2016-03-11T09:25:22+00:00\",\"mainEntityOfPage\":{\"@id\":\"https:\/\/www.senderosdelapalma.es\/fr\/aviso-9marzo2016\/\"},\"wordCount\":183,\"commentCount\":0,\"publisher\":{\"@id\":\"https:\/\/www.senderosdelapalma.es\/#organization\"},\"articleSection\":[\"Avisos\"],\"inLanguage\":\"fr-FR\",\"potentialAction\":[{\"@type\":\"CommentAction\",\"name\":\"Comment\",\"target\":[\"https:\/\/www.senderosdelapalma.es\/fr\/aviso-9marzo2016\/#respond\"]}]},{\"@type\":\"WebPage\",\"@id\":\"https:\/\/www.senderosdelapalma.es\/fr\/aviso-9marzo2016\/\",\"url\":\"https:\/\/www.senderosdelapalma.es\/fr\/aviso-9marzo2016\/\",\"name\":\"Aviso de estado de la Red Insular de Senderos a 9 de marzo de 2016 - Red de Senderos de La Palma\",\"isPartOf\":{\"@id\":\"https:\/\/www.senderosdelapalma.es\/#website\"},\"datePublished\":\"2016-03-10T13:35:43+00:00\",\"dateModified\":\"2016-03-11T09:25:22+00:00\",\"breadcrumb\":{\"@id\":\"https:\/\/www.senderosdelapalma.es\/fr\/aviso-9marzo2016\/#breadcrumb\"},\"inLanguage\":\"fr-FR\",\"potentialAction\":[{\"@type\":\"ReadAction\",\"target\":[\"https:\/\/www.senderosdelapalma.es\/fr\/aviso-9marzo2016\/\"]}]},{\"@type\":\"BreadcrumbList\",\"@id\":\"https:\/\/www.senderosdelapalma.es\/fr\/aviso-9marzo2016\/#breadcrumb\",\"itemListElement\":[{\"@type\":\"ListItem\",\"position\":1,\"name\":\"Portada\",\"item\":\"https:\/\/www.senderosdelapalma.es\/fr\/\"},{\"@type\":\"ListItem\",\"position\":2,\"name\":\"Aviso de estado de la Red Insular de Senderos a 9 de marzo de 2016\"}]},{\"@type\":\"WebSite\",\"@id\":\"https:\/\/www.senderosdelapalma.es\/#website\",\"url\":\"https:\/\/www.senderosdelapalma.es\/\",\"name\":\"Red de Senderos de La Palma\",\"description\":\"La Palma, la isla de los senderistas. Una enorme variedad de climas, relieves y paisajes te est\u00e1n esperando.  \",\"publisher\":{\"@id\":\"https:\/\/www.senderosdelapalma.es\/#organization\"},\"potentialAction\":[{\"@type\":\"SearchAction\",\"target\":{\"@type\":\"EntryPoint\",\"urlTemplate\":\"https:\/\/www.senderosdelapalma.es\/?s={search_term_string}\"},\"query-input\":\"required name=search_term_string\"}],\"inLanguage\":\"fr-FR\"},{\"@type\":\"Organization\",\"@id\":\"https:\/\/www.senderosdelapalma.es\/#organization\",\"name\":\"Red de Senderos de La Palma\",\"url\":\"https:\/\/www.senderosdelapalma.es\/\",\"logo\":{\"@type\":\"ImageObject\",\"inLanguage\":\"fr-FR\",\"@id\":\"https:\/\/www.senderosdelapalma.es\/#\/schema\/logo\/image\/\",\"url\":\"https:\/\/www.senderosdelapalma.es\/wp-content\/uploads\/2015\/06\/cabildo_la_palma-01.png\",\"contentUrl\":\"https:\/\/www.senderosdelapalma.es\/wp-content\/uploads\/2015\/06\/cabildo_la_palma-01.png\",\"width\":3508,\"height\":2479,\"caption\":\"Red de Senderos de La Palma\"},\"image\":{\"@id\":\"https:\/\/www.senderosdelapalma.es\/#\/schema\/logo\/image\/\"},\"sameAs\":[\"https:\/\/www.facebook.com\/senderoslapalma\",\"https:\/\/twitter.com\/SenderosdeLaPal\",\"https:\/\/www.instagram.com\/senderosdelapalma\/\",\"https:\/\/www.pinterest.es\/senderoslp\/\"]},{\"@type\":\"Person\",\"@id\":\"https:\/\/www.senderosdelapalma.es\/#\/schema\/person\/a1e922c41fabbab0013c21915e6c4486\",\"name\":\"Senderos\",\"image\":{\"@type\":\"ImageObject\",\"inLanguage\":\"fr-FR\",\"@id\":\"https:\/\/www.senderosdelapalma.es\/#\/schema\/person\/image\/\",\"url\":\"https:\/\/secure.gravatar.com\/avatar\/3cfee98e8471f9b7d33d9e257374fe5d?s=96&d=blank&r=g\",\"contentUrl\":\"https:\/\/secure.gravatar.com\/avatar\/3cfee98e8471f9b7d33d9e257374fe5d?s=96&d=blank&r=g\",\"caption\":\"Senderos\"}}]}<\/script>\n<!-- \/ Yoast SEO plugin. -->","yoast_head_json":{"title":"Aviso de estado de la Red Insular de Senderos a 9 de marzo de 2016 - Red de Senderos de La Palma","robots":{"index":"index","follow":"follow","max-snippet":"max-snippet:-1","max-image-preview":"max-image-preview:large","max-video-preview":"max-video-preview:-1"},"canonical":"https:\/\/www.senderosdelapalma.es\/fr\/aviso-9marzo2016\/","og_locale":"fr_FR","og_type":"article","og_title":"Aviso de estado de la Red Insular de Senderos a 9 de marzo de 2016 - Red de Senderos de La Palma","og_description":"Actualizaci\u00f3n de la informaci\u00f3n sobre el estado de la Red Insular de Senderos a 9 de marzo de 2016. Se recuerda que el sendero PR LP 5.1: Cubo de la Galga \u2013 La Galga (GR130) est\u00e1 cerrado a causa de un gran derrumbe.\u00a0El Consejo Insular...","og_url":"https:\/\/www.senderosdelapalma.es\/fr\/aviso-9marzo2016\/","og_site_name":"Red de Senderos de La Palma","article_publisher":"https:\/\/www.facebook.com\/senderoslapalma","article_published_time":"2016-03-10T13:35:43+00:00","article_modified_time":"2016-03-11T09:25:22+00:00","og_image":[{"width":496,"height":331,"url":"https:\/\/www.senderosdelapalma.es\/wp-content\/uploads\/2016\/03\/estadosenderos-lapalma.jpg","type":"image\/jpeg"}],"author":"Senderos","twitter_card":"summary_large_image","twitter_creator":"@SenderosdeLaPal","twitter_site":"@SenderosdeLaPal","twitter_misc":{"\u00c9crit par":"Senderos","Dur\u00e9e de lecture estim\u00e9e":"1 minute"},"schema":{"@context":"https:\/\/schema.org","@graph":[{"@type":"Article","@id":"https:\/\/www.senderosdelapalma.es\/fr\/aviso-9marzo2016\/#article","isPartOf":{"@id":"https:\/\/www.senderosdelapalma.es\/fr\/aviso-9marzo2016\/"},"author":{"name":"Senderos","@id":"https:\/\/www.senderosdelapalma.es\/#\/schema\/person\/a1e922c41fabbab0013c21915e6c4486"},"headline":"Aviso de estado de la Red Insular de Senderos a 9 de marzo de 2016","datePublished":"2016-03-10T13:35:43+00:00","dateModified":"2016-03-11T09:25:22+00:00","mainEntityOfPage":{"@id":"https:\/\/www.senderosdelapalma.es\/fr\/aviso-9marzo2016\/"},"wordCount":183,"commentCount":0,"publisher":{"@id":"https:\/\/www.senderosdelapalma.es\/#organization"},"articleSection":["Avisos"],"inLanguage":"fr-FR","potentialAction":[{"@type":"CommentAction","name":"Comment","target":["https:\/\/www.senderosdelapalma.es\/fr\/aviso-9marzo2016\/#respond"]}]},{"@type":"WebPage","@id":"https:\/\/www.senderosdelapalma.es\/fr\/aviso-9marzo2016\/","url":"https:\/\/www.senderosdelapalma.es\/fr\/aviso-9marzo2016\/","name":"Aviso de estado de la Red Insular de Senderos a 9 de marzo de 2016 - Red de Senderos de La Palma","isPartOf":{"@id":"https:\/\/www.senderosdelapalma.es\/#website"},"datePublished":"2016-03-10T13:35:43+00:00","dateModified":"2016-03-11T09:25:22+00:00","breadcrumb":{"@id":"https:\/\/www.senderosdelapalma.es\/fr\/aviso-9marzo2016\/#breadcrumb"},"inLanguage":"fr-FR","potentialAction":[{"@type":"ReadAction","target":["https:\/\/www.senderosdelapalma.es\/fr\/aviso-9marzo2016\/"]}]},{"@type":"BreadcrumbList","@id":"https:\/\/www.senderosdelapalma.es\/fr\/aviso-9marzo2016\/#breadcrumb","itemListElement":[{"@type":"ListItem","position":1,"name":"Portada","item":"https:\/\/www.senderosdelapalma.es\/fr\/"},{"@type":"ListItem","position":2,"name":"Aviso de estado de la Red Insular de Senderos a 9 de marzo de 2016"}]},{"@type":"WebSite","@id":"https:\/\/www.senderosdelapalma.es\/#website","url":"https:\/\/www.senderosdelapalma.es\/","name":"Red de Senderos de La Palma","description":"La Palma, la isla de los senderistas. Una enorme variedad de climas, relieves y paisajes te est\u00e1n esperando.  ","publisher":{"@id":"https:\/\/www.senderosdelapalma.es\/#organization"},"potentialAction":[{"@type":"SearchAction","target":{"@type":"EntryPoint","urlTemplate":"https:\/\/www.senderosdelapalma.es\/?s={search_term_string}"},"query-input":"required name=search_term_string"}],"inLanguage":"fr-FR"},{"@type":"Organization","@id":"https:\/\/www.senderosdelapalma.es\/#organization","name":"Red de Senderos de La Palma","url":"https:\/\/www.senderosdelapalma.es\/","logo":{"@type":"ImageObject","inLanguage":"fr-FR","@id":"https:\/\/www.senderosdelapalma.es\/#\/schema\/logo\/image\/","url":"https:\/\/www.senderosdelapalma.es\/wp-content\/uploads\/2015\/06\/cabildo_la_palma-01.png","contentUrl":"https:\/\/www.senderosdelapalma.es\/wp-content\/uploads\/2015\/06\/cabildo_la_palma-01.png","width":3508,"height":2479,"caption":"Red de Senderos de La Palma"},"image":{"@id":"https:\/\/www.senderosdelapalma.es\/#\/schema\/logo\/image\/"},"sameAs":["https:\/\/www.facebook.com\/senderoslapalma","https:\/\/twitter.com\/SenderosdeLaPal","https:\/\/www.instagram.com\/senderosdelapalma\/","https:\/\/www.pinterest.es\/senderoslp\/"]},{"@type":"Person","@id":"https:\/\/www.senderosdelapalma.es\/#\/schema\/person\/a1e922c41fabbab0013c21915e6c4486","name":"Senderos","image":{"@type":"ImageObject","inLanguage":"fr-FR","@id":"https:\/\/www.senderosdelapalma.es\/#\/schema\/person\/image\/","url":"https:\/\/secure.gravatar.com\/avatar\/3cfee98e8471f9b7d33d9e257374fe5d?s=96&d=blank&r=g","contentUrl":"https:\/\/secure.gravatar.com\/avatar\/3cfee98e8471f9b7d33d9e257374fe5d?s=96&d=blank&r=g","caption":"Senderos"}}]}},"_links":{"self":[{"href":"https:\/\/www.senderosdelapalma.es\/fr\/wp-json\/wp\/v2\/posts\/20431\/"}],"collection":[{"href":"https:\/\/www.senderosdelapalma.es\/fr\/wp-json\/wp\/v2\/posts\/"}],"about":[{"href":"https:\/\/www.senderosdelapalma.es\/fr\/wp-json\/wp\/v2\/types\/post\/"}],"author":[{"embeddable":true,"href":"https:\/\/www.senderosdelapalma.es\/fr\/wp-json\/wp\/v2\/users\/1\/"}],"replies":[{"embeddable":true,"href":"https:\/\/www.senderosdelapalma.es\/fr\/wp-json\/wp\/v2\/comments\/?post=20431"}],"version-history":[{"count":0,"href":"https:\/\/www.senderosdelapalma.es\/fr\/wp-json\/wp\/v2\/posts\/20431\/revisions\/"}],"wp:featuredmedia":[{"embeddable":true,"href":"https:\/\/www.senderosdelapalma.es\/fr\/wp-json\/wp\/v2\/media\/20438\/"}],"wp:attachment":[{"href":"https:\/\/www.senderosdelapalma.es\/fr\/wp-json\/wp\/v2\/media\/?parent=20431"}],"wp:term":[{"taxonomy":"category","embeddable":true,"href":"https:\/\/www.senderosdelapalma.es\/fr\/wp-json\/wp\/v2\/categories\/?post=20431"},{"taxonomy":"post_tag","embeddable":true,"href":"https:\/\/www.senderosdelapalma.es\/fr\/wp-json\/wp\/v2\/tags\/?post=20431"}],"curies":[{"name":"wp","href":"https:\/\/api.w.org\/{rel}","templated":true}]}}