{"id":20471,"date":"2016-03-17T08:57:40","date_gmt":"2016-03-17T08:57:40","guid":{"rendered":"http:\/\/www.senderosdelapalma.es\/en\/actualizacion-la-informacion-estado-la-red-insular-senderos-17-marzo-2016\/"},"modified":"2016-03-17T09:00:18","modified_gmt":"2016-03-17T09:00:18","slug":"actualizacion-la-informacion-estado-la-red-insular-senderos-17-marzo-2016","status":"publish","type":"post","link":"https:\/\/www.senderosdelapalma.es\/en\/actualizacion-la-informacion-estado-la-red-insular-senderos-17-marzo-2016\/","title":{"rendered":"Actualizaci\u00f3n de la informaci\u00f3n sobre el estado de la Red Insular de Senderos a 17 de marzo de 2016"},"content":{"rendered":"<p>Actualizaci\u00f3n de la informaci\u00f3n sobre el estado de la Red Insular de Senderos a <u>17 de marzo de 2016<\/u><\/p>\n<p>El tramo<strong><b> GR 131<\/b><\/strong> entre intersecci\u00f3n del GR131 con el PR LP 9, hacia el norte, y hasta 500 metros pasada la Pared de Roberto, zona Mirador de Los Andenes, vuelve a estar abierto despu\u00e9s de unas obras de mejora.<\/p>\n<p><span style=\"text-decoration: underline;\"><strong>Otros avisos:<\/strong><\/span><\/p>\n<ol>\n<li>Obras en el sendero<strong><b> PR LP 13<\/b><\/strong>: Los Llanos de Aridane \u2013 Zona de acampada de Taburiente \u2013 Los Llanos de Aridane, en el tramo: Brecitos \u2013 Zona de Acampada, en la Fuente de la Mula o de la Faya. Abierto, pero se recomienda precauci\u00f3n.<\/li>\n<li>Adem\u00e1s, permanecen cerrados:\n<ol>\n<li><strong><b>PR LP 5.1<\/b><\/strong>: Cubo de la Galga \u2013 La Galga<\/li>\n<li><strong><b>PR LP 2.3<\/b><\/strong>: Barrando de La Madera<\/li>\n<li><strong><b>PR LP 13.1<\/b><\/strong>: Mirador de La Cumbrecita \u2013 Zona de Acampada de Taburiente<\/li>\n<li><strong><b>PR LP 2<\/b><\/strong>, Camino del Lomo del Lance<\/li>\n<li><strong><b>PR LP 2.1<\/b><\/strong>, Camino del Corchete<\/li>\n<\/ol>\n<\/li>\n<\/ol>\n<p style=\"text-align: justify;\">\n<p style=\"text-align: justify;\"><strong><strong><u>RECUERDE<\/u><\/strong><\/strong><u>: En caso de <strong><b>alerta<\/b><\/strong> por meteorolog\u00eda adversa, toda la Red Insular de Senderos, queda autom\u00e1ticamente cerrada mientras dure dicha declaraci\u00f3n.<\/u><\/p>\n<p style=\"text-align: justify;\"><u><\/u><u>Despu\u00e9s de dichos fen\u00f3menos meteorol\u00f3gicos adversos la Red puede presentar ciertas afecciones &#8211; como piedras y troncos en la calzada o derrumbes \u2013 por lo que se recomienda extremar precauciones.<\/u><\/p>\n<p style=\"text-align: justify;\"><strong><strong>EN CUALQUIER CASO<\/strong><\/strong>, observe las cautelas habituales y comunes de cualquier actividad en el medio natural: consulte la predicci\u00f3n meteorol\u00f3gica y el estado de la Red de Senderos, lleve calzado\u00a0y ropa adecuadas, no lo transite en caso de existir derrumbes o estrecheces, no salga del sendero, utilice el casco en caso de necesidad, no se apoye en las barandas, no transite en per\u00edodos de lluvia o viento fuerte, etc.<\/p>\n","protected":false},"excerpt":{"rendered":"<p>Actualizaci\u00f3n de la informaci\u00f3n sobre el estado de la Red Insular de Senderos a 17 de marzo de 2016 El tramo GR 131 entre intersecci\u00f3n del GR131 con el PR LP 9, hacia el norte, y hasta 500 metros pasada la Pared de Roberto, zona&#8230;<\/p>\n","protected":false},"author":1,"featured_media":0,"comment_status":"open","ping_status":"open","sticky":false,"template":"","format":"standard","meta":[],"categories":[110],"tags":[],"yoast_head":"<!-- This site is optimized with the Yoast SEO plugin v21.0 - https:\/\/yoast.com\/wordpress\/plugins\/seo\/ -->\n<title>Actualizaci\u00f3n de la informaci\u00f3n sobre el estado de la Red Insular de Senderos a 17 de marzo de 2016 - Red de Senderos de La Palma<\/title>\n<meta name=\"robots\" content=\"index, follow, max-snippet:-1, max-image-preview:large, max-video-preview:-1\" \/>\n<link rel=\"canonical\" href=\"https:\/\/www.senderosdelapalma.es\/en\/actualizacion-la-informacion-estado-la-red-insular-senderos-17-marzo-2016\/\" \/>\n<meta property=\"og:locale\" content=\"en_US\" \/>\n<meta property=\"og:type\" content=\"article\" \/>\n<meta property=\"og:title\" content=\"Actualizaci\u00f3n de la informaci\u00f3n sobre el estado de la Red Insular de Senderos a 17 de marzo de 2016 - Red de Senderos de La Palma\" \/>\n<meta property=\"og:description\" content=\"Actualizaci\u00f3n de la informaci\u00f3n sobre el estado de la Red Insular de Senderos a 17 de marzo de 2016 El tramo GR 131 entre intersecci\u00f3n del GR131 con el PR LP 9, hacia el norte, y hasta 500 metros pasada la Pared de Roberto, zona...\" \/>\n<meta property=\"og:url\" content=\"https:\/\/www.senderosdelapalma.es\/en\/actualizacion-la-informacion-estado-la-red-insular-senderos-17-marzo-2016\/\" \/>\n<meta property=\"og:site_name\" content=\"Red de Senderos de La Palma\" \/>\n<meta property=\"article:publisher\" content=\"https:\/\/www.facebook.com\/senderoslapalma\" \/>\n<meta property=\"article:published_time\" content=\"2016-03-17T08:57:40+00:00\" \/>\n<meta property=\"article:modified_time\" content=\"2016-03-17T09:00:18+00:00\" \/>\n<meta property=\"og:image\" content=\"https:\/\/www.senderosdelapalma.es\/wp-content\/uploads\/2014\/12\/redsenderosdelapalma_01.jpg\" \/>\n\t<meta property=\"og:image:width\" content=\"1920\" \/>\n\t<meta property=\"og:image:height\" content=\"1084\" \/>\n\t<meta property=\"og:image:type\" content=\"image\/jpeg\" \/>\n<meta name=\"author\" content=\"Senderos\" \/>\n<meta name=\"twitter:card\" content=\"summary_large_image\" \/>\n<meta name=\"twitter:creator\" content=\"@SenderosdeLaPal\" \/>\n<meta name=\"twitter:site\" content=\"@SenderosdeLaPal\" \/>\n<meta name=\"twitter:label1\" content=\"Written by\" \/>\n\t<meta name=\"twitter:data1\" content=\"Senderos\" \/>\n\t<meta name=\"twitter:label2\" content=\"Est. reading time\" \/>\n\t<meta name=\"twitter:data2\" content=\"1 minute\" \/>\n<script type=\"application\/ld+json\" class=\"yoast-schema-graph\">{\"@context\":\"https:\/\/schema.org\",\"@graph\":[{\"@type\":\"Article\",\"@id\":\"https:\/\/www.senderosdelapalma.es\/en\/actualizacion-la-informacion-estado-la-red-insular-senderos-17-marzo-2016\/#article\",\"isPartOf\":{\"@id\":\"https:\/\/www.senderosdelapalma.es\/en\/actualizacion-la-informacion-estado-la-red-insular-senderos-17-marzo-2016\/\"},\"author\":{\"name\":\"Senderos\",\"@id\":\"https:\/\/www.senderosdelapalma.es\/#\/schema\/person\/a1e922c41fabbab0013c21915e6c4486\"},\"headline\":\"Actualizaci\u00f3n de la informaci\u00f3n sobre el estado de la Red Insular de Senderos a 17 de marzo de 2016\",\"datePublished\":\"2016-03-17T08:57:40+00:00\",\"dateModified\":\"2016-03-17T09:00:18+00:00\",\"mainEntityOfPage\":{\"@id\":\"https:\/\/www.senderosdelapalma.es\/en\/actualizacion-la-informacion-estado-la-red-insular-senderos-17-marzo-2016\/\"},\"wordCount\":291,\"commentCount\":0,\"publisher\":{\"@id\":\"https:\/\/www.senderosdelapalma.es\/#organization\"},\"articleSection\":[\"Avisos\"],\"inLanguage\":\"en-US\",\"potentialAction\":[{\"@type\":\"CommentAction\",\"name\":\"Comment\",\"target\":[\"https:\/\/www.senderosdelapalma.es\/en\/actualizacion-la-informacion-estado-la-red-insular-senderos-17-marzo-2016\/#respond\"]}]},{\"@type\":\"WebPage\",\"@id\":\"https:\/\/www.senderosdelapalma.es\/en\/actualizacion-la-informacion-estado-la-red-insular-senderos-17-marzo-2016\/\",\"url\":\"https:\/\/www.senderosdelapalma.es\/en\/actualizacion-la-informacion-estado-la-red-insular-senderos-17-marzo-2016\/\",\"name\":\"Actualizaci\u00f3n de la informaci\u00f3n sobre el estado de la Red Insular de Senderos a 17 de marzo de 2016 - Red de Senderos de La Palma\",\"isPartOf\":{\"@id\":\"https:\/\/www.senderosdelapalma.es\/#website\"},\"datePublished\":\"2016-03-17T08:57:40+00:00\",\"dateModified\":\"2016-03-17T09:00:18+00:00\",\"breadcrumb\":{\"@id\":\"https:\/\/www.senderosdelapalma.es\/en\/actualizacion-la-informacion-estado-la-red-insular-senderos-17-marzo-2016\/#breadcrumb\"},\"inLanguage\":\"en-US\",\"potentialAction\":[{\"@type\":\"ReadAction\",\"target\":[\"https:\/\/www.senderosdelapalma.es\/en\/actualizacion-la-informacion-estado-la-red-insular-senderos-17-marzo-2016\/\"]}]},{\"@type\":\"BreadcrumbList\",\"@id\":\"https:\/\/www.senderosdelapalma.es\/en\/actualizacion-la-informacion-estado-la-red-insular-senderos-17-marzo-2016\/#breadcrumb\",\"itemListElement\":[{\"@type\":\"ListItem\",\"position\":1,\"name\":\"Portada\",\"item\":\"https:\/\/www.senderosdelapalma.es\/en\/\"},{\"@type\":\"ListItem\",\"position\":2,\"name\":\"Actualizaci\u00f3n de la informaci\u00f3n sobre el estado de la Red Insular de Senderos a 17 de marzo de 2016\"}]},{\"@type\":\"WebSite\",\"@id\":\"https:\/\/www.senderosdelapalma.es\/#website\",\"url\":\"https:\/\/www.senderosdelapalma.es\/\",\"name\":\"Red de Senderos de La Palma\",\"description\":\"La Palma, la isla de los senderistas. Una enorme variedad de climas, relieves y paisajes te est\u00e1n esperando.  \",\"publisher\":{\"@id\":\"https:\/\/www.senderosdelapalma.es\/#organization\"},\"potentialAction\":[{\"@type\":\"SearchAction\",\"target\":{\"@type\":\"EntryPoint\",\"urlTemplate\":\"https:\/\/www.senderosdelapalma.es\/?s={search_term_string}\"},\"query-input\":\"required name=search_term_string\"}],\"inLanguage\":\"en-US\"},{\"@type\":\"Organization\",\"@id\":\"https:\/\/www.senderosdelapalma.es\/#organization\",\"name\":\"Red de Senderos de La Palma\",\"url\":\"https:\/\/www.senderosdelapalma.es\/\",\"logo\":{\"@type\":\"ImageObject\",\"inLanguage\":\"en-US\",\"@id\":\"https:\/\/www.senderosdelapalma.es\/#\/schema\/logo\/image\/\",\"url\":\"https:\/\/www.senderosdelapalma.es\/wp-content\/uploads\/2015\/06\/cabildo_la_palma-01.png\",\"contentUrl\":\"https:\/\/www.senderosdelapalma.es\/wp-content\/uploads\/2015\/06\/cabildo_la_palma-01.png\",\"width\":3508,\"height\":2479,\"caption\":\"Red de Senderos de La Palma\"},\"image\":{\"@id\":\"https:\/\/www.senderosdelapalma.es\/#\/schema\/logo\/image\/\"},\"sameAs\":[\"https:\/\/www.facebook.com\/senderoslapalma\",\"https:\/\/twitter.com\/SenderosdeLaPal\",\"https:\/\/www.instagram.com\/senderosdelapalma\/\",\"https:\/\/www.pinterest.es\/senderoslp\/\"]},{\"@type\":\"Person\",\"@id\":\"https:\/\/www.senderosdelapalma.es\/#\/schema\/person\/a1e922c41fabbab0013c21915e6c4486\",\"name\":\"Senderos\",\"image\":{\"@type\":\"ImageObject\",\"inLanguage\":\"en-US\",\"@id\":\"https:\/\/www.senderosdelapalma.es\/#\/schema\/person\/image\/\",\"url\":\"https:\/\/secure.gravatar.com\/avatar\/3cfee98e8471f9b7d33d9e257374fe5d?s=96&d=blank&r=g\",\"contentUrl\":\"https:\/\/secure.gravatar.com\/avatar\/3cfee98e8471f9b7d33d9e257374fe5d?s=96&d=blank&r=g\",\"caption\":\"Senderos\"}}]}<\/script>\n<!-- \/ Yoast SEO plugin. -->","yoast_head_json":{"title":"Actualizaci\u00f3n de la informaci\u00f3n sobre el estado de la Red Insular de Senderos a 17 de marzo de 2016 - Red de Senderos de La Palma","robots":{"index":"index","follow":"follow","max-snippet":"max-snippet:-1","max-image-preview":"max-image-preview:large","max-video-preview":"max-video-preview:-1"},"canonical":"https:\/\/www.senderosdelapalma.es\/en\/actualizacion-la-informacion-estado-la-red-insular-senderos-17-marzo-2016\/","og_locale":"en_US","og_type":"article","og_title":"Actualizaci\u00f3n de la informaci\u00f3n sobre el estado de la Red Insular de Senderos a 17 de marzo de 2016 - Red de Senderos de La Palma","og_description":"Actualizaci\u00f3n de la informaci\u00f3n sobre el estado de la Red Insular de Senderos a 17 de marzo de 2016 El tramo GR 131 entre intersecci\u00f3n del GR131 con el PR LP 9, hacia el norte, y hasta 500 metros pasada la Pared de Roberto, zona...","og_url":"https:\/\/www.senderosdelapalma.es\/en\/actualizacion-la-informacion-estado-la-red-insular-senderos-17-marzo-2016\/","og_site_name":"Red de Senderos de La Palma","article_publisher":"https:\/\/www.facebook.com\/senderoslapalma","article_published_time":"2016-03-17T08:57:40+00:00","article_modified_time":"2016-03-17T09:00:18+00:00","og_image":[{"width":1920,"height":1084,"url":"https:\/\/www.senderosdelapalma.es\/wp-content\/uploads\/2014\/12\/redsenderosdelapalma_01.jpg","type":"image\/jpeg"}],"author":"Senderos","twitter_card":"summary_large_image","twitter_creator":"@SenderosdeLaPal","twitter_site":"@SenderosdeLaPal","twitter_misc":{"Written by":"Senderos","Est. reading time":"1 minute"},"schema":{"@context":"https:\/\/schema.org","@graph":[{"@type":"Article","@id":"https:\/\/www.senderosdelapalma.es\/en\/actualizacion-la-informacion-estado-la-red-insular-senderos-17-marzo-2016\/#article","isPartOf":{"@id":"https:\/\/www.senderosdelapalma.es\/en\/actualizacion-la-informacion-estado-la-red-insular-senderos-17-marzo-2016\/"},"author":{"name":"Senderos","@id":"https:\/\/www.senderosdelapalma.es\/#\/schema\/person\/a1e922c41fabbab0013c21915e6c4486"},"headline":"Actualizaci\u00f3n de la informaci\u00f3n sobre el estado de la Red Insular de Senderos a 17 de marzo de 2016","datePublished":"2016-03-17T08:57:40+00:00","dateModified":"2016-03-17T09:00:18+00:00","mainEntityOfPage":{"@id":"https:\/\/www.senderosdelapalma.es\/en\/actualizacion-la-informacion-estado-la-red-insular-senderos-17-marzo-2016\/"},"wordCount":291,"commentCount":0,"publisher":{"@id":"https:\/\/www.senderosdelapalma.es\/#organization"},"articleSection":["Avisos"],"inLanguage":"en-US","potentialAction":[{"@type":"CommentAction","name":"Comment","target":["https:\/\/www.senderosdelapalma.es\/en\/actualizacion-la-informacion-estado-la-red-insular-senderos-17-marzo-2016\/#respond"]}]},{"@type":"WebPage","@id":"https:\/\/www.senderosdelapalma.es\/en\/actualizacion-la-informacion-estado-la-red-insular-senderos-17-marzo-2016\/","url":"https:\/\/www.senderosdelapalma.es\/en\/actualizacion-la-informacion-estado-la-red-insular-senderos-17-marzo-2016\/","name":"Actualizaci\u00f3n de la informaci\u00f3n sobre el estado de la Red Insular de Senderos a 17 de marzo de 2016 - Red de Senderos de La Palma","isPartOf":{"@id":"https:\/\/www.senderosdelapalma.es\/#website"},"datePublished":"2016-03-17T08:57:40+00:00","dateModified":"2016-03-17T09:00:18+00:00","breadcrumb":{"@id":"https:\/\/www.senderosdelapalma.es\/en\/actualizacion-la-informacion-estado-la-red-insular-senderos-17-marzo-2016\/#breadcrumb"},"inLanguage":"en-US","potentialAction":[{"@type":"ReadAction","target":["https:\/\/www.senderosdelapalma.es\/en\/actualizacion-la-informacion-estado-la-red-insular-senderos-17-marzo-2016\/"]}]},{"@type":"BreadcrumbList","@id":"https:\/\/www.senderosdelapalma.es\/en\/actualizacion-la-informacion-estado-la-red-insular-senderos-17-marzo-2016\/#breadcrumb","itemListElement":[{"@type":"ListItem","position":1,"name":"Portada","item":"https:\/\/www.senderosdelapalma.es\/en\/"},{"@type":"ListItem","position":2,"name":"Actualizaci\u00f3n de la informaci\u00f3n sobre el estado de la Red Insular de Senderos a 17 de marzo de 2016"}]},{"@type":"WebSite","@id":"https:\/\/www.senderosdelapalma.es\/#website","url":"https:\/\/www.senderosdelapalma.es\/","name":"Red de Senderos de La Palma","description":"La Palma, la isla de los senderistas. Una enorme variedad de climas, relieves y paisajes te est\u00e1n esperando.  ","publisher":{"@id":"https:\/\/www.senderosdelapalma.es\/#organization"},"potentialAction":[{"@type":"SearchAction","target":{"@type":"EntryPoint","urlTemplate":"https:\/\/www.senderosdelapalma.es\/?s={search_term_string}"},"query-input":"required name=search_term_string"}],"inLanguage":"en-US"},{"@type":"Organization","@id":"https:\/\/www.senderosdelapalma.es\/#organization","name":"Red de Senderos de La Palma","url":"https:\/\/www.senderosdelapalma.es\/","logo":{"@type":"ImageObject","inLanguage":"en-US","@id":"https:\/\/www.senderosdelapalma.es\/#\/schema\/logo\/image\/","url":"https:\/\/www.senderosdelapalma.es\/wp-content\/uploads\/2015\/06\/cabildo_la_palma-01.png","contentUrl":"https:\/\/www.senderosdelapalma.es\/wp-content\/uploads\/2015\/06\/cabildo_la_palma-01.png","width":3508,"height":2479,"caption":"Red de Senderos de La Palma"},"image":{"@id":"https:\/\/www.senderosdelapalma.es\/#\/schema\/logo\/image\/"},"sameAs":["https:\/\/www.facebook.com\/senderoslapalma","https:\/\/twitter.com\/SenderosdeLaPal","https:\/\/www.instagram.com\/senderosdelapalma\/","https:\/\/www.pinterest.es\/senderoslp\/"]},{"@type":"Person","@id":"https:\/\/www.senderosdelapalma.es\/#\/schema\/person\/a1e922c41fabbab0013c21915e6c4486","name":"Senderos","image":{"@type":"ImageObject","inLanguage":"en-US","@id":"https:\/\/www.senderosdelapalma.es\/#\/schema\/person\/image\/","url":"https:\/\/secure.gravatar.com\/avatar\/3cfee98e8471f9b7d33d9e257374fe5d?s=96&d=blank&r=g","contentUrl":"https:\/\/secure.gravatar.com\/avatar\/3cfee98e8471f9b7d33d9e257374fe5d?s=96&d=blank&r=g","caption":"Senderos"}}]}},"_links":{"self":[{"href":"https:\/\/www.senderosdelapalma.es\/en\/wp-json\/wp\/v2\/posts\/20471\/"}],"collection":[{"href":"https:\/\/www.senderosdelapalma.es\/en\/wp-json\/wp\/v2\/posts\/"}],"about":[{"href":"https:\/\/www.senderosdelapalma.es\/en\/wp-json\/wp\/v2\/types\/post\/"}],"author":[{"embeddable":true,"href":"https:\/\/www.senderosdelapalma.es\/en\/wp-json\/wp\/v2\/users\/1\/"}],"replies":[{"embeddable":true,"href":"https:\/\/www.senderosdelapalma.es\/en\/wp-json\/wp\/v2\/comments\/?post=20471"}],"version-history":[{"count":0,"href":"https:\/\/www.senderosdelapalma.es\/en\/wp-json\/wp\/v2\/posts\/20471\/revisions\/"}],"wp:attachment":[{"href":"https:\/\/www.senderosdelapalma.es\/en\/wp-json\/wp\/v2\/media\/?parent=20471"}],"wp:term":[{"taxonomy":"category","embeddable":true,"href":"https:\/\/www.senderosdelapalma.es\/en\/wp-json\/wp\/v2\/categories\/?post=20471"},{"taxonomy":"post_tag","embeddable":true,"href":"https:\/\/www.senderosdelapalma.es\/en\/wp-json\/wp\/v2\/tags\/?post=20471"}],"curies":[{"name":"wp","href":"https:\/\/api.w.org\/{rel}","templated":true}]}}