{"id":20488,"date":"2016-03-30T10:46:54","date_gmt":"2016-03-30T10:46:54","guid":{"rendered":"http:\/\/www.senderosdelapalma.es\/de\/actualizacion-la-informacion-estado-la-red-insular-senderos-30-marzo-2016\/"},"modified":"2016-03-30T10:46:54","modified_gmt":"2016-03-30T10:46:54","slug":"actualizacion-la-informacion-estado-la-red-insular-senderos-30-marzo-2016","status":"publish","type":"post","link":"https:\/\/www.senderosdelapalma.es\/de\/actualizacion-la-informacion-estado-la-red-insular-senderos-30-marzo-2016\/","title":{"rendered":"Actualizaci\u00f3n de la informaci\u00f3n sobre el estado de la Red Insular de Senderos a 30 de marzo de 2016"},"content":{"rendered":"<p style=\"text-align: justify;\">El \u00c1rea de Uso P\u00fablico del Parque Nacional de La Caldera de Taburiente nos informa que tras la recepci\u00f3n del aviso de <u><\/u>la Direcci\u00f3n General<u><\/u> de Seguridad y Emergencias de declaraci\u00f3n de <u>Prealerta por Lluvias<\/u>, se procede al cierre del tramo del sendero <b>PR LP 13 comprendido entre La Zona de Acampada y el parking del Barranco de Las Angustias<\/b>, hasta nuevo aviso.<\/p>\n<p>Otros avisos:<\/p>\n<ul>\n<li>Obras en el sendero<strong><b> PR LP 13<\/b><\/strong>: Los Llanos de Aridane \u2013 Zona de acampada de Taburiente \u2013 Los Llanos de Aridane, en el tramo: Brecitos \u2013 Zona de Acampada, en la Fuente de la Mula o de la Faya. Abierto, pero se recomienda precauci\u00f3n.<\/li>\n<li>Adem\u00e1s, permanecen cerrados:\n<ul>\n<li><strong><b>PR LP 5.1<\/b><\/strong>: Cubo de la Galga \u2013 La Galga.<\/li>\n<li><strong><b>PR LP 2.3<\/b><\/strong>: Barrando de La Madera.<\/li>\n<li><strong><b>PR LP 13.1<\/b><\/strong>: Mirador de La Cumbrecita \u2013 Zona de Acampada de Taburiente.<\/li>\n<li><strong><b>PR LP 2<\/b><\/strong>, Camino del Lomo del Lance.<\/li>\n<li><strong><b>PR LP 2.1<\/b><\/strong>, Camino del Corchete.<\/li>\n<\/ul>\n<\/li>\n<\/ul>\n","protected":false},"excerpt":{"rendered":"<p>El \u00c1rea de Uso P\u00fablico del Parque Nacional de La Caldera de Taburiente nos informa que tras la recepci\u00f3n del aviso de la Direcci\u00f3n General de Seguridad y Emergencias de declaraci\u00f3n de Prealerta por Lluvias, se procede al cierre del tramo del sendero PR LP&#8230;<\/p>\n","protected":false},"author":1,"featured_media":0,"comment_status":"open","ping_status":"open","sticky":false,"template":"","format":"standard","meta":[],"categories":[112],"tags":[],"yoast_head":"<!-- This site is optimized with the Yoast SEO plugin v21.0 - https:\/\/yoast.com\/wordpress\/plugins\/seo\/ -->\n<title>Actualizaci\u00f3n de la informaci\u00f3n sobre el estado de la Red Insular de Senderos a 30 de marzo de 2016 - Red de Senderos de La Palma<\/title>\n<meta name=\"robots\" content=\"index, follow, max-snippet:-1, max-image-preview:large, max-video-preview:-1\" \/>\n<link rel=\"canonical\" href=\"https:\/\/www.senderosdelapalma.es\/de\/actualizacion-la-informacion-estado-la-red-insular-senderos-30-marzo-2016\/\" \/>\n<meta property=\"og:locale\" content=\"de_DE\" \/>\n<meta property=\"og:type\" content=\"article\" \/>\n<meta property=\"og:title\" content=\"Actualizaci\u00f3n de la informaci\u00f3n sobre el estado de la Red Insular de Senderos a 30 de marzo de 2016 - Red de Senderos de La Palma\" \/>\n<meta property=\"og:description\" content=\"El \u00c1rea de Uso P\u00fablico del Parque Nacional de La Caldera de Taburiente nos informa que tras la recepci\u00f3n del aviso de la Direcci\u00f3n General de Seguridad y Emergencias de declaraci\u00f3n de Prealerta por Lluvias, se procede al cierre del tramo del sendero PR LP...\" \/>\n<meta property=\"og:url\" content=\"https:\/\/www.senderosdelapalma.es\/de\/actualizacion-la-informacion-estado-la-red-insular-senderos-30-marzo-2016\/\" \/>\n<meta property=\"og:site_name\" content=\"Red de Senderos de La Palma\" \/>\n<meta property=\"article:publisher\" content=\"https:\/\/www.facebook.com\/senderoslapalma\" \/>\n<meta property=\"article:published_time\" content=\"2016-03-30T10:46:54+00:00\" \/>\n<meta property=\"og:image\" content=\"https:\/\/www.senderosdelapalma.es\/wp-content\/uploads\/2014\/12\/redsenderosdelapalma_01.jpg\" \/>\n\t<meta property=\"og:image:width\" content=\"1920\" \/>\n\t<meta property=\"og:image:height\" content=\"1084\" \/>\n\t<meta property=\"og:image:type\" content=\"image\/jpeg\" \/>\n<meta name=\"author\" content=\"Senderos\" \/>\n<meta name=\"twitter:card\" content=\"summary_large_image\" \/>\n<meta name=\"twitter:creator\" content=\"@SenderosdeLaPal\" \/>\n<meta name=\"twitter:site\" content=\"@SenderosdeLaPal\" \/>\n<meta name=\"twitter:label1\" content=\"Verfasst von\" \/>\n\t<meta name=\"twitter:data1\" content=\"Senderos\" \/>\n\t<meta name=\"twitter:label2\" content=\"Gesch\u00e4tzte Lesezeit\" \/>\n\t<meta name=\"twitter:data2\" content=\"1\u00a0Minute\" \/>\n<script type=\"application\/ld+json\" class=\"yoast-schema-graph\">{\"@context\":\"https:\/\/schema.org\",\"@graph\":[{\"@type\":\"Article\",\"@id\":\"https:\/\/www.senderosdelapalma.es\/de\/actualizacion-la-informacion-estado-la-red-insular-senderos-30-marzo-2016\/#article\",\"isPartOf\":{\"@id\":\"https:\/\/www.senderosdelapalma.es\/de\/actualizacion-la-informacion-estado-la-red-insular-senderos-30-marzo-2016\/\"},\"author\":{\"name\":\"Senderos\",\"@id\":\"https:\/\/www.senderosdelapalma.es\/#\/schema\/person\/a1e922c41fabbab0013c21915e6c4486\"},\"headline\":\"Actualizaci\u00f3n de la informaci\u00f3n sobre el estado de la Red Insular de Senderos a 30 de marzo de 2016\",\"datePublished\":\"2016-03-30T10:46:54+00:00\",\"dateModified\":\"2016-03-30T10:46:54+00:00\",\"mainEntityOfPage\":{\"@id\":\"https:\/\/www.senderosdelapalma.es\/de\/actualizacion-la-informacion-estado-la-red-insular-senderos-30-marzo-2016\/\"},\"wordCount\":170,\"commentCount\":0,\"publisher\":{\"@id\":\"https:\/\/www.senderosdelapalma.es\/#organization\"},\"articleSection\":[\"Avisos\"],\"inLanguage\":\"de\",\"potentialAction\":[{\"@type\":\"CommentAction\",\"name\":\"Comment\",\"target\":[\"https:\/\/www.senderosdelapalma.es\/de\/actualizacion-la-informacion-estado-la-red-insular-senderos-30-marzo-2016\/#respond\"]}]},{\"@type\":\"WebPage\",\"@id\":\"https:\/\/www.senderosdelapalma.es\/de\/actualizacion-la-informacion-estado-la-red-insular-senderos-30-marzo-2016\/\",\"url\":\"https:\/\/www.senderosdelapalma.es\/de\/actualizacion-la-informacion-estado-la-red-insular-senderos-30-marzo-2016\/\",\"name\":\"Actualizaci\u00f3n de la informaci\u00f3n sobre el estado de la Red Insular de Senderos a 30 de marzo de 2016 - Red de Senderos de La Palma\",\"isPartOf\":{\"@id\":\"https:\/\/www.senderosdelapalma.es\/#website\"},\"datePublished\":\"2016-03-30T10:46:54+00:00\",\"dateModified\":\"2016-03-30T10:46:54+00:00\",\"breadcrumb\":{\"@id\":\"https:\/\/www.senderosdelapalma.es\/de\/actualizacion-la-informacion-estado-la-red-insular-senderos-30-marzo-2016\/#breadcrumb\"},\"inLanguage\":\"de\",\"potentialAction\":[{\"@type\":\"ReadAction\",\"target\":[\"https:\/\/www.senderosdelapalma.es\/de\/actualizacion-la-informacion-estado-la-red-insular-senderos-30-marzo-2016\/\"]}]},{\"@type\":\"BreadcrumbList\",\"@id\":\"https:\/\/www.senderosdelapalma.es\/de\/actualizacion-la-informacion-estado-la-red-insular-senderos-30-marzo-2016\/#breadcrumb\",\"itemListElement\":[{\"@type\":\"ListItem\",\"position\":1,\"name\":\"Portada\",\"item\":\"https:\/\/www.senderosdelapalma.es\/de\/\"},{\"@type\":\"ListItem\",\"position\":2,\"name\":\"Actualizaci\u00f3n de la informaci\u00f3n sobre el estado de la Red Insular de Senderos a 30 de marzo de 2016\"}]},{\"@type\":\"WebSite\",\"@id\":\"https:\/\/www.senderosdelapalma.es\/#website\",\"url\":\"https:\/\/www.senderosdelapalma.es\/\",\"name\":\"Red de Senderos de La Palma\",\"description\":\"La Palma, la isla de los senderistas. Una enorme variedad de climas, relieves y paisajes te est\u00e1n esperando.  \",\"publisher\":{\"@id\":\"https:\/\/www.senderosdelapalma.es\/#organization\"},\"potentialAction\":[{\"@type\":\"SearchAction\",\"target\":{\"@type\":\"EntryPoint\",\"urlTemplate\":\"https:\/\/www.senderosdelapalma.es\/?s={search_term_string}\"},\"query-input\":\"required name=search_term_string\"}],\"inLanguage\":\"de\"},{\"@type\":\"Organization\",\"@id\":\"https:\/\/www.senderosdelapalma.es\/#organization\",\"name\":\"Red de Senderos de La Palma\",\"url\":\"https:\/\/www.senderosdelapalma.es\/\",\"logo\":{\"@type\":\"ImageObject\",\"inLanguage\":\"de\",\"@id\":\"https:\/\/www.senderosdelapalma.es\/#\/schema\/logo\/image\/\",\"url\":\"https:\/\/www.senderosdelapalma.es\/wp-content\/uploads\/2015\/06\/cabildo_la_palma-01.png\",\"contentUrl\":\"https:\/\/www.senderosdelapalma.es\/wp-content\/uploads\/2015\/06\/cabildo_la_palma-01.png\",\"width\":3508,\"height\":2479,\"caption\":\"Red de Senderos de La Palma\"},\"image\":{\"@id\":\"https:\/\/www.senderosdelapalma.es\/#\/schema\/logo\/image\/\"},\"sameAs\":[\"https:\/\/www.facebook.com\/senderoslapalma\",\"https:\/\/twitter.com\/SenderosdeLaPal\",\"https:\/\/www.instagram.com\/senderosdelapalma\/\",\"https:\/\/www.pinterest.es\/senderoslp\/\"]},{\"@type\":\"Person\",\"@id\":\"https:\/\/www.senderosdelapalma.es\/#\/schema\/person\/a1e922c41fabbab0013c21915e6c4486\",\"name\":\"Senderos\",\"image\":{\"@type\":\"ImageObject\",\"inLanguage\":\"de\",\"@id\":\"https:\/\/www.senderosdelapalma.es\/#\/schema\/person\/image\/\",\"url\":\"https:\/\/secure.gravatar.com\/avatar\/3cfee98e8471f9b7d33d9e257374fe5d?s=96&d=blank&r=g\",\"contentUrl\":\"https:\/\/secure.gravatar.com\/avatar\/3cfee98e8471f9b7d33d9e257374fe5d?s=96&d=blank&r=g\",\"caption\":\"Senderos\"}}]}<\/script>\n<!-- \/ Yoast SEO plugin. -->","yoast_head_json":{"title":"Actualizaci\u00f3n de la informaci\u00f3n sobre el estado de la Red Insular de Senderos a 30 de marzo de 2016 - Red de Senderos de La Palma","robots":{"index":"index","follow":"follow","max-snippet":"max-snippet:-1","max-image-preview":"max-image-preview:large","max-video-preview":"max-video-preview:-1"},"canonical":"https:\/\/www.senderosdelapalma.es\/de\/actualizacion-la-informacion-estado-la-red-insular-senderos-30-marzo-2016\/","og_locale":"de_DE","og_type":"article","og_title":"Actualizaci\u00f3n de la informaci\u00f3n sobre el estado de la Red Insular de Senderos a 30 de marzo de 2016 - Red de Senderos de La Palma","og_description":"El \u00c1rea de Uso P\u00fablico del Parque Nacional de La Caldera de Taburiente nos informa que tras la recepci\u00f3n del aviso de la Direcci\u00f3n General de Seguridad y Emergencias de declaraci\u00f3n de Prealerta por Lluvias, se procede al cierre del tramo del sendero PR LP...","og_url":"https:\/\/www.senderosdelapalma.es\/de\/actualizacion-la-informacion-estado-la-red-insular-senderos-30-marzo-2016\/","og_site_name":"Red de Senderos de La Palma","article_publisher":"https:\/\/www.facebook.com\/senderoslapalma","article_published_time":"2016-03-30T10:46:54+00:00","og_image":[{"width":1920,"height":1084,"url":"https:\/\/www.senderosdelapalma.es\/wp-content\/uploads\/2014\/12\/redsenderosdelapalma_01.jpg","type":"image\/jpeg"}],"author":"Senderos","twitter_card":"summary_large_image","twitter_creator":"@SenderosdeLaPal","twitter_site":"@SenderosdeLaPal","twitter_misc":{"Verfasst von":"Senderos","Gesch\u00e4tzte Lesezeit":"1\u00a0Minute"},"schema":{"@context":"https:\/\/schema.org","@graph":[{"@type":"Article","@id":"https:\/\/www.senderosdelapalma.es\/de\/actualizacion-la-informacion-estado-la-red-insular-senderos-30-marzo-2016\/#article","isPartOf":{"@id":"https:\/\/www.senderosdelapalma.es\/de\/actualizacion-la-informacion-estado-la-red-insular-senderos-30-marzo-2016\/"},"author":{"name":"Senderos","@id":"https:\/\/www.senderosdelapalma.es\/#\/schema\/person\/a1e922c41fabbab0013c21915e6c4486"},"headline":"Actualizaci\u00f3n de la informaci\u00f3n sobre el estado de la Red Insular de Senderos a 30 de marzo de 2016","datePublished":"2016-03-30T10:46:54+00:00","dateModified":"2016-03-30T10:46:54+00:00","mainEntityOfPage":{"@id":"https:\/\/www.senderosdelapalma.es\/de\/actualizacion-la-informacion-estado-la-red-insular-senderos-30-marzo-2016\/"},"wordCount":170,"commentCount":0,"publisher":{"@id":"https:\/\/www.senderosdelapalma.es\/#organization"},"articleSection":["Avisos"],"inLanguage":"de","potentialAction":[{"@type":"CommentAction","name":"Comment","target":["https:\/\/www.senderosdelapalma.es\/de\/actualizacion-la-informacion-estado-la-red-insular-senderos-30-marzo-2016\/#respond"]}]},{"@type":"WebPage","@id":"https:\/\/www.senderosdelapalma.es\/de\/actualizacion-la-informacion-estado-la-red-insular-senderos-30-marzo-2016\/","url":"https:\/\/www.senderosdelapalma.es\/de\/actualizacion-la-informacion-estado-la-red-insular-senderos-30-marzo-2016\/","name":"Actualizaci\u00f3n de la informaci\u00f3n sobre el estado de la Red Insular de Senderos a 30 de marzo de 2016 - Red de Senderos de La Palma","isPartOf":{"@id":"https:\/\/www.senderosdelapalma.es\/#website"},"datePublished":"2016-03-30T10:46:54+00:00","dateModified":"2016-03-30T10:46:54+00:00","breadcrumb":{"@id":"https:\/\/www.senderosdelapalma.es\/de\/actualizacion-la-informacion-estado-la-red-insular-senderos-30-marzo-2016\/#breadcrumb"},"inLanguage":"de","potentialAction":[{"@type":"ReadAction","target":["https:\/\/www.senderosdelapalma.es\/de\/actualizacion-la-informacion-estado-la-red-insular-senderos-30-marzo-2016\/"]}]},{"@type":"BreadcrumbList","@id":"https:\/\/www.senderosdelapalma.es\/de\/actualizacion-la-informacion-estado-la-red-insular-senderos-30-marzo-2016\/#breadcrumb","itemListElement":[{"@type":"ListItem","position":1,"name":"Portada","item":"https:\/\/www.senderosdelapalma.es\/de\/"},{"@type":"ListItem","position":2,"name":"Actualizaci\u00f3n de la informaci\u00f3n sobre el estado de la Red Insular de Senderos a 30 de marzo de 2016"}]},{"@type":"WebSite","@id":"https:\/\/www.senderosdelapalma.es\/#website","url":"https:\/\/www.senderosdelapalma.es\/","name":"Red de Senderos de La Palma","description":"La Palma, la isla de los senderistas. Una enorme variedad de climas, relieves y paisajes te est\u00e1n esperando.  ","publisher":{"@id":"https:\/\/www.senderosdelapalma.es\/#organization"},"potentialAction":[{"@type":"SearchAction","target":{"@type":"EntryPoint","urlTemplate":"https:\/\/www.senderosdelapalma.es\/?s={search_term_string}"},"query-input":"required name=search_term_string"}],"inLanguage":"de"},{"@type":"Organization","@id":"https:\/\/www.senderosdelapalma.es\/#organization","name":"Red de Senderos de La Palma","url":"https:\/\/www.senderosdelapalma.es\/","logo":{"@type":"ImageObject","inLanguage":"de","@id":"https:\/\/www.senderosdelapalma.es\/#\/schema\/logo\/image\/","url":"https:\/\/www.senderosdelapalma.es\/wp-content\/uploads\/2015\/06\/cabildo_la_palma-01.png","contentUrl":"https:\/\/www.senderosdelapalma.es\/wp-content\/uploads\/2015\/06\/cabildo_la_palma-01.png","width":3508,"height":2479,"caption":"Red de Senderos de La Palma"},"image":{"@id":"https:\/\/www.senderosdelapalma.es\/#\/schema\/logo\/image\/"},"sameAs":["https:\/\/www.facebook.com\/senderoslapalma","https:\/\/twitter.com\/SenderosdeLaPal","https:\/\/www.instagram.com\/senderosdelapalma\/","https:\/\/www.pinterest.es\/senderoslp\/"]},{"@type":"Person","@id":"https:\/\/www.senderosdelapalma.es\/#\/schema\/person\/a1e922c41fabbab0013c21915e6c4486","name":"Senderos","image":{"@type":"ImageObject","inLanguage":"de","@id":"https:\/\/www.senderosdelapalma.es\/#\/schema\/person\/image\/","url":"https:\/\/secure.gravatar.com\/avatar\/3cfee98e8471f9b7d33d9e257374fe5d?s=96&d=blank&r=g","contentUrl":"https:\/\/secure.gravatar.com\/avatar\/3cfee98e8471f9b7d33d9e257374fe5d?s=96&d=blank&r=g","caption":"Senderos"}}]}},"_links":{"self":[{"href":"https:\/\/www.senderosdelapalma.es\/de\/wp-json\/wp\/v2\/posts\/20488\/"}],"collection":[{"href":"https:\/\/www.senderosdelapalma.es\/de\/wp-json\/wp\/v2\/posts\/"}],"about":[{"href":"https:\/\/www.senderosdelapalma.es\/de\/wp-json\/wp\/v2\/types\/post\/"}],"author":[{"embeddable":true,"href":"https:\/\/www.senderosdelapalma.es\/de\/wp-json\/wp\/v2\/users\/1\/"}],"replies":[{"embeddable":true,"href":"https:\/\/www.senderosdelapalma.es\/de\/wp-json\/wp\/v2\/comments\/?post=20488"}],"version-history":[{"count":0,"href":"https:\/\/www.senderosdelapalma.es\/de\/wp-json\/wp\/v2\/posts\/20488\/revisions\/"}],"wp:attachment":[{"href":"https:\/\/www.senderosdelapalma.es\/de\/wp-json\/wp\/v2\/media\/?parent=20488"}],"wp:term":[{"taxonomy":"category","embeddable":true,"href":"https:\/\/www.senderosdelapalma.es\/de\/wp-json\/wp\/v2\/categories\/?post=20488"},{"taxonomy":"post_tag","embeddable":true,"href":"https:\/\/www.senderosdelapalma.es\/de\/wp-json\/wp\/v2\/tags\/?post=20488"}],"curies":[{"name":"wp","href":"https:\/\/api.w.org\/{rel}","templated":true}]}}